{"id":3163,"date":"2016-06-21T12:26:15","date_gmt":"2016-06-21T16:26:15","guid":{"rendered":"https:\/\/www.mileendmission.org\/fr\/?p=3163"},"modified":"2016-06-21T12:26:15","modified_gmt":"2016-06-21T16:26:15","slug":"la-mission-recoit-une-medaille-de-lassemblee-nationale-du-quebec","status":"publish","type":"post","link":"https:\/\/www.mileendmission.org\/fr\/la-mission-recoit-une-medaille-de-lassemblee-nationale-du-quebec\/","title":{"rendered":"La Mission re\u00e7oit une m\u00e9daille de l\u2019Assembl\u00e9e Nationale du Qu\u00e9bec"},"content":{"rendered":"<p>La Mission Communautaire Mile-End a eu l\u2019honneur de recevoir la m\u00e9<span lang=\"FR\">daille pour\u00a0\u00ab\u00a025 ans d\u2019entraide, de soutien, de solidarit\u00e9 et de dignit\u00e9 \u00bb de la part de l\u2019Assembl\u00e9e Nationale du Qu\u00e9bec. La m\u00e9daille pr\u00e9sent\u00e9e par notre cher ami, M. Amir Khadir, aux Portes Ouvertes samedi dernier. M. Khadir est familier avec la mission \u2013 son implication envers notre organisme depuis plusieurs ann\u00e9es en t\u00e9moigne. Dans le pass\u00e9, Amir et son \u00e9quipe nous ont apport\u00e9s paniers de No\u00ebl et aide financi\u00e8re tout en nous offrant assistance au meilleur de leur capacit\u00e9. La Mission est reconnaissante des 25 ans d\u2019implication et d\u2019engagement envers les personnes qui en ont le plus besoin dans le Mile-End. Nous souhaitons pouvoir poursuivre notre travail et servir notre communaut\u00e9 pour de nombreuses ann\u00e9es.<\/span><\/p>\n<p><iframe loading=\"lazy\" style=\"border: none; overflow: hidden;\" src=\"https:\/\/www.facebook.com\/plugins\/video.php?href=https%3A%2F%2Fwww.facebook.com%2Fmileendmission%2Fvideos%2F1378859755474420%2F&amp;show_text=0&amp;width=400\" width=\"400\" height=\"400\" frameborder=\"0\" scrolling=\"no\" allowfullscreen=\"allowfullscreen\"><\/iframe><\/p>\n","protected":false},"excerpt":{"rendered":"<p>La Mission Communautaire Mile-End a eu l\u2019honneur de recevoir la m\u00e9daille pour\u00a0\u00ab\u00a025 ans d\u2019entraide, de soutien, de solidarit\u00e9 et de dignit\u00e9 \u00bb de la part de l\u2019Assembl\u00e9e Nationale du Qu\u00e9bec. [&hellip;]<\/p>\n","protected":false},"author":2,"featured_media":0,"comment_status":"closed","ping_status":"closed","sticky":false,"template":"","format":"standard","meta":{"footnotes":""},"categories":[21,23],"tags":[],"class_list":["post-3163","post","type-post","status-publish","format-standard","hentry","category-accueil","category-nouvelles"],"_links":{"self":[{"href":"https:\/\/www.mileendmission.org\/fr\/wp-json\/wp\/v2\/posts\/3163","targetHints":{"allow":["GET"]}}],"collection":[{"href":"https:\/\/www.mileendmission.org\/fr\/wp-json\/wp\/v2\/posts"}],"about":[{"href":"https:\/\/www.mileendmission.org\/fr\/wp-json\/wp\/v2\/types\/post"}],"author":[{"embeddable":true,"href":"https:\/\/www.mileendmission.org\/fr\/wp-json\/wp\/v2\/users\/2"}],"replies":[{"embeddable":true,"href":"https:\/\/www.mileendmission.org\/fr\/wp-json\/wp\/v2\/comments?post=3163"}],"version-history":[{"count":1,"href":"https:\/\/www.mileendmission.org\/fr\/wp-json\/wp\/v2\/posts\/3163\/revisions"}],"predecessor-version":[{"id":3164,"href":"https:\/\/www.mileendmission.org\/fr\/wp-json\/wp\/v2\/posts\/3163\/revisions\/3164"}],"wp:attachment":[{"href":"https:\/\/www.mileendmission.org\/fr\/wp-json\/wp\/v2\/media?parent=3163"}],"wp:term":[{"taxonomy":"category","embeddable":true,"href":"https:\/\/www.mileendmission.org\/fr\/wp-json\/wp\/v2\/categories?post=3163"},{"taxonomy":"post_tag","embeddable":true,"href":"https:\/\/www.mileendmission.org\/fr\/wp-json\/wp\/v2\/tags?post=3163"}],"curies":[{"name":"wp","href":"https:\/\/api.w.org\/{rel}","templated":true}]}}